{"id":3379,"date":"2022-09-26T19:22:04","date_gmt":"2022-09-26T19:22:04","guid":{"rendered":"https:\/\/procasha.org\/?p=3379"},"modified":"2023-11-27T19:34:11","modified_gmt":"2023-11-27T19:34:11","slug":"ejecucion-del-proyecto-muraleada-con-los-jovenes-de-la-pre-promo-y-promo-gestion-2022-de-la-u-e-marina-nunez-del-prado","status":"publish","type":"post","link":"https:\/\/procasha.org\/?p=3379","title":{"rendered":"Ejecuci\u00f3n del proyecto \u00abMuraleada\u00bb con los j\u00f3venes de la Pre Promo y Promo Gesti\u00f3n 2022 de la U.E. Marina N\u00fa\u00f1ez del Prado"},"content":{"rendered":"\n<p>El pasado domingo 25 de septiembre se llev\u00f3 a cabo la ejecuci\u00f3n del proyecto \u00abMuraleada\u00bb con motivo del proyecto que la Fundaci\u00f3n Procasha est\u00e1 ejecutando en colaboraci\u00f3n con Save de Children, en el marco del proyecto \u00abJ\u00f3venes, l\u00edderes y territorio\u00bb. Durante la ma\u00f1ana, los j\u00f3venes de la Pre Promo y Promoci\u00f3n Gesti\u00f3n 2022nde la U.E. Marina N\u00fa\u00f1ez del Prado <a><\/a>procedieron al pintado de la entrada a la Junta Vecinal Plan 700 Alto, con mensajes de fondo contra la violencia de g\u00e9nero y la explotaci\u00f3n infantil. Para la actividad, los j\u00f3venes recibieron previamente la capacitaci\u00f3n del artista cochabambino Amaru, quien les ense\u00f1\u00f3 c\u00f3mo pintar murales y tambien supervis\u00f3 la ejecuci\u00f3n de los mismo.<\/p>\n\n\n\n<div class=\"wp-block-buttons is-layout-flex wp-block-buttons-is-layout-flex\">\n<div class=\"wp-block-button is-style-outline is-style-outline--1\"><a class=\"wp-block-button__link wp-element-button\" href=\"https:\/\/www.facebook.com\/photo\/?fbid=4972633172837821&amp;set=pcb.4972653872835751&amp;locale=es_LA\" target=\"_blank\" rel=\"noreferrer noopener\">Ver Noticia en Facebook<\/a><\/div>\n<\/div>\n\n\n\n<p><\/p>\n","protected":false},"excerpt":{"rendered":"<p>El pasado domingo 25 de septiembre se llev\u00f3 a cabo la ejecuci\u00f3n del proyecto \u00abMuraleada\u00bb con motivo del proyecto que la Fundaci\u00f3n Procasha est\u00e1 ejecutando en colaboraci\u00f3n con Save de Children, en el marco del proyecto \u00abJ\u00f3venes, l\u00edderes y territorio\u00bb. Durante la ma\u00f1ana, los j\u00f3venes de la Pre Promo y Promoci\u00f3n Gesti\u00f3n 2022nde la U.E. [&hellip;]<\/p>\n","protected":false},"author":1,"featured_media":3393,"comment_status":"closed","ping_status":"open","sticky":false,"template":"","format":"standard","meta":{"site-sidebar-layout":"default","site-content-layout":"","ast-site-content-layout":"default","site-content-style":"default","site-sidebar-style":"default","ast-global-header-display":"","ast-banner-title-visibility":"","ast-main-header-display":"","ast-hfb-above-header-display":"","ast-hfb-below-header-display":"","ast-hfb-mobile-header-display":"","site-post-title":"","ast-breadcrumbs-content":"","ast-featured-img":"","footer-sml-layout":"","ast-disable-related-posts":"","theme-transparent-header-meta":"","adv-header-id-meta":"","stick-header-meta":"","header-above-stick-meta":"","header-main-stick-meta":"","header-below-stick-meta":"","astra-migrate-meta-layouts":"set","ast-page-background-enabled":"default","ast-page-background-meta":{"desktop":{"background-color":"","background-image":"","background-repeat":"repeat","background-position":"center center","background-size":"auto","background-attachment":"scroll","background-type":"","background-media":"","overlay-type":"","overlay-color":"","overlay-opacity":"","overlay-gradient":""},"tablet":{"background-color":"","background-image":"","background-repeat":"repeat","background-position":"center center","background-size":"auto","background-attachment":"scroll","background-type":"","background-media":"","overlay-type":"","overlay-color":"","overlay-opacity":"","overlay-gradient":""},"mobile":{"background-color":"","background-image":"","background-repeat":"repeat","background-position":"center center","background-size":"auto","background-attachment":"scroll","background-type":"","background-media":"","overlay-type":"","overlay-color":"","overlay-opacity":"","overlay-gradient":""}},"ast-content-background-meta":{"desktop":{"background-color":"var(--ast-global-color-5)","background-image":"","background-repeat":"repeat","background-position":"center center","background-size":"auto","background-attachment":"scroll","background-type":"","background-media":"","overlay-type":"","overlay-color":"","overlay-opacity":"","overlay-gradient":""},"tablet":{"background-color":"var(--ast-global-color-5)","background-image":"","background-repeat":"repeat","background-position":"center center","background-size":"auto","background-attachment":"scroll","background-type":"","background-media":"","overlay-type":"","overlay-color":"","overlay-opacity":"","overlay-gradient":""},"mobile":{"background-color":"var(--ast-global-color-5)","background-image":"","background-repeat":"repeat","background-position":"center center","background-size":"auto","background-attachment":"scroll","background-type":"","background-media":"","overlay-type":"","overlay-color":"","overlay-opacity":"","overlay-gradient":""}},"footnotes":""},"categories":[1],"tags":[],"class_list":["post-3379","post","type-post","status-publish","format-standard","has-post-thumbnail","hentry","category-uncategorized"],"rttpg_featured_image_url":{"full":["https:\/\/procasha.org\/wp-content\/uploads\/2022\/09\/26-sept-4.jpg",940,703,false],"landscape":["https:\/\/procasha.org\/wp-content\/uploads\/2022\/09\/26-sept-4.jpg",940,703,false],"portraits":["https:\/\/procasha.org\/wp-content\/uploads\/2022\/09\/26-sept-4.jpg",940,703,false],"thumbnail":["https:\/\/procasha.org\/wp-content\/uploads\/2022\/09\/26-sept-4-150x150.jpg",150,150,true],"medium":["https:\/\/procasha.org\/wp-content\/uploads\/2022\/09\/26-sept-4-300x224.jpg",300,224,true],"large":["https:\/\/procasha.org\/wp-content\/uploads\/2022\/09\/26-sept-4.jpg",940,703,false],"1536x1536":["https:\/\/procasha.org\/wp-content\/uploads\/2022\/09\/26-sept-4.jpg",940,703,false],"2048x2048":["https:\/\/procasha.org\/wp-content\/uploads\/2022\/09\/26-sept-4.jpg",940,703,false]},"rttpg_author":{"display_name":"procashamaster","author_link":"https:\/\/procasha.org\/?author=1"},"rttpg_comment":0,"rttpg_category":"<a href=\"https:\/\/procasha.org\/?cat=1\" rel=\"category\">Uncategorized<\/a>","rttpg_excerpt":"El pasado domingo 25 de septiembre se llev\u00f3 a cabo la ejecuci\u00f3n del proyecto \u00abMuraleada\u00bb con motivo del proyecto que la Fundaci\u00f3n Procasha est\u00e1 ejecutando en colaboraci\u00f3n con Save de Children, en el marco del proyecto \u00abJ\u00f3venes, l\u00edderes y territorio\u00bb. Durante la ma\u00f1ana, los j\u00f3venes de la Pre Promo y Promoci\u00f3n Gesti\u00f3n 2022nde la U.E.&hellip;","_links":{"self":[{"href":"https:\/\/procasha.org\/index.php?rest_route=\/wp\/v2\/posts\/3379","targetHints":{"allow":["GET"]}}],"collection":[{"href":"https:\/\/procasha.org\/index.php?rest_route=\/wp\/v2\/posts"}],"about":[{"href":"https:\/\/procasha.org\/index.php?rest_route=\/wp\/v2\/types\/post"}],"author":[{"embeddable":true,"href":"https:\/\/procasha.org\/index.php?rest_route=\/wp\/v2\/users\/1"}],"replies":[{"embeddable":true,"href":"https:\/\/procasha.org\/index.php?rest_route=%2Fwp%2Fv2%2Fcomments&post=3379"}],"version-history":[{"count":2,"href":"https:\/\/procasha.org\/index.php?rest_route=\/wp\/v2\/posts\/3379\/revisions"}],"predecessor-version":[{"id":3394,"href":"https:\/\/procasha.org\/index.php?rest_route=\/wp\/v2\/posts\/3379\/revisions\/3394"}],"wp:featuredmedia":[{"embeddable":true,"href":"https:\/\/procasha.org\/index.php?rest_route=\/wp\/v2\/media\/3393"}],"wp:attachment":[{"href":"https:\/\/procasha.org\/index.php?rest_route=%2Fwp%2Fv2%2Fmedia&parent=3379"}],"wp:term":[{"taxonomy":"category","embeddable":true,"href":"https:\/\/procasha.org\/index.php?rest_route=%2Fwp%2Fv2%2Fcategories&post=3379"},{"taxonomy":"post_tag","embeddable":true,"href":"https:\/\/procasha.org\/index.php?rest_route=%2Fwp%2Fv2%2Ftags&post=3379"}],"curies":[{"name":"wp","href":"https:\/\/api.w.org\/{rel}","templated":true}]}}