{"id":3449,"date":"2023-12-11T22:19:45","date_gmt":"2023-12-11T22:19:45","guid":{"rendered":"https:\/\/procasha.org\/?p=3449"},"modified":"2023-12-19T22:23:21","modified_gmt":"2023-12-19T22:23:21","slug":"feria-de-la-familia","status":"publish","type":"post","link":"https:\/\/procasha.org\/?p=3449","title":{"rendered":"FERIA DE LA FAMILIA"},"content":{"rendered":"\n<p>El pasado 19 de noviembre de 2023, se llev\u00f3 a cabo con \u00e9xito la 5ta edici\u00f3n de la Feria de la Familia, organizada por las Juntas Vecinales Plan 700 San Miguel, Plan 700 Alto, San Miguel Serran\u00eda y la OTB Chaska Rumy, con el apoyo de <a href=\"https:\/\/www.facebook.com\/profile.php?id=100064317236319&amp;__cft__[0]=AZUDlyk1a3DrM1OVePZZhj9JJ1foJx9WUWVYKV2uTdLPD_mApNlHWcdJIoLEhH0ckdff0NnfUiea4TmMDaAznMB3KVGW9a3y_Jsb48niktuiODcFhYWBMlFY-8oqeM-Yi-EoVAYalf7mHOiM_WU1J1LGhAhjmGTgUhxZKtAGAHT_-d8scr1R86cBCfD8hGG-2tE&amp;__tn__=-]K-R\">Procasha<\/a>.<\/p>\n\n\n\n<p>En esta feria, participaron diversas entidades y unidades del Gobierno Aut\u00f3nomo Municipal de Cochabamba, entre ellas EMSA, SLIM, la Defensor\u00eda de la Ni\u00f1ez y Adolescencia, Zoonosis, el Centro de Salud Alto Cochabamba, y <a><\/a>otras asociadas al quehacer barrial en el \u00e1mbito del desarrollo.<\/p>\n\n\n\n<p>Como resultado de esta iniciativa, se lograron establecer acuerdos entre los distintos barrios y las instituciones participantes. Estos acuerdos tienen como objetivo mejorar la asistencia y la prestaci\u00f3n de servicios por parte de las instituciones en pro de impulsar el desarrollo de los barrios.<\/p>\n\n\n\n<p>Es importante destacar que esta acci\u00f3n se enmarca dentro del proyecto \u00abFomento al Desarrollo Comunitario en el marco del cumplimiento del derecho a la ciudad, Fase III\u00bb<\/p>\n\n\n\n<div class=\"wp-block-buttons is-layout-flex wp-block-buttons-is-layout-flex\">\n<div class=\"wp-block-button is-style-outline is-style-outline--1\"><a class=\"wp-block-button__link wp-element-button\" href=\"https:\/\/www.facebook.com\/photo\/?fbid=754739503346617&amp;set=pcb.754739840013250&amp;locale=es_LA\" target=\"_blank\" rel=\"noreferrer noopener\">Ver Noticia en Facebook<\/a><\/div>\n<\/div>\n\n\n\n<p><\/p>\n","protected":false},"excerpt":{"rendered":"<p>El pasado 19 de noviembre de 2023, se llev\u00f3 a cabo con \u00e9xito la 5ta edici\u00f3n de la Feria de la Familia, organizada por las Juntas Vecinales Plan 700 San Miguel, Plan 700 Alto, San Miguel Serran\u00eda y la OTB Chaska Rumy, con el apoyo de Procasha. En esta feria, participaron diversas entidades y unidades [&hellip;]<\/p>\n","protected":false},"author":1,"featured_media":3451,"comment_status":"closed","ping_status":"open","sticky":false,"template":"","format":"standard","meta":{"site-sidebar-layout":"default","site-content-layout":"","ast-site-content-layout":"default","site-content-style":"default","site-sidebar-style":"default","ast-global-header-display":"","ast-banner-title-visibility":"","ast-main-header-display":"","ast-hfb-above-header-display":"","ast-hfb-below-header-display":"","ast-hfb-mobile-header-display":"","site-post-title":"","ast-breadcrumbs-content":"","ast-featured-img":"","footer-sml-layout":"","ast-disable-related-posts":"","theme-transparent-header-meta":"","adv-header-id-meta":"","stick-header-meta":"","header-above-stick-meta":"","header-main-stick-meta":"","header-below-stick-meta":"","astra-migrate-meta-layouts":"set","ast-page-background-enabled":"default","ast-page-background-meta":{"desktop":{"background-color":"","background-image":"","background-repeat":"repeat","background-position":"center center","background-size":"auto","background-attachment":"scroll","background-type":"","background-media":"","overlay-type":"","overlay-color":"","overlay-opacity":"","overlay-gradient":""},"tablet":{"background-color":"","background-image":"","background-repeat":"repeat","background-position":"center center","background-size":"auto","background-attachment":"scroll","background-type":"","background-media":"","overlay-type":"","overlay-color":"","overlay-opacity":"","overlay-gradient":""},"mobile":{"background-color":"","background-image":"","background-repeat":"repeat","background-position":"center center","background-size":"auto","background-attachment":"scroll","background-type":"","background-media":"","overlay-type":"","overlay-color":"","overlay-opacity":"","overlay-gradient":""}},"ast-content-background-meta":{"desktop":{"background-color":"var(--ast-global-color-5)","background-image":"","background-repeat":"repeat","background-position":"center center","background-size":"auto","background-attachment":"scroll","background-type":"","background-media":"","overlay-type":"","overlay-color":"","overlay-opacity":"","overlay-gradient":""},"tablet":{"background-color":"var(--ast-global-color-5)","background-image":"","background-repeat":"repeat","background-position":"center center","background-size":"auto","background-attachment":"scroll","background-type":"","background-media":"","overlay-type":"","overlay-color":"","overlay-opacity":"","overlay-gradient":""},"mobile":{"background-color":"var(--ast-global-color-5)","background-image":"","background-repeat":"repeat","background-position":"center center","background-size":"auto","background-attachment":"scroll","background-type":"","background-media":"","overlay-type":"","overlay-color":"","overlay-opacity":"","overlay-gradient":""}},"footnotes":""},"categories":[1],"tags":[],"class_list":["post-3449","post","type-post","status-publish","format-standard","has-post-thumbnail","hentry","category-uncategorized"],"rttpg_featured_image_url":{"full":["https:\/\/procasha.org\/wp-content\/uploads\/2023\/12\/feria-familia-2.jpg",940,529,false],"landscape":["https:\/\/procasha.org\/wp-content\/uploads\/2023\/12\/feria-familia-2.jpg",940,529,false],"portraits":["https:\/\/procasha.org\/wp-content\/uploads\/2023\/12\/feria-familia-2.jpg",940,529,false],"thumbnail":["https:\/\/procasha.org\/wp-content\/uploads\/2023\/12\/feria-familia-2-150x150.jpg",150,150,true],"medium":["https:\/\/procasha.org\/wp-content\/uploads\/2023\/12\/feria-familia-2-300x169.jpg",300,169,true],"large":["https:\/\/procasha.org\/wp-content\/uploads\/2023\/12\/feria-familia-2.jpg",940,529,false],"1536x1536":["https:\/\/procasha.org\/wp-content\/uploads\/2023\/12\/feria-familia-2.jpg",940,529,false],"2048x2048":["https:\/\/procasha.org\/wp-content\/uploads\/2023\/12\/feria-familia-2.jpg",940,529,false]},"rttpg_author":{"display_name":"procashamaster","author_link":"https:\/\/procasha.org\/?author=1"},"rttpg_comment":0,"rttpg_category":"<a href=\"https:\/\/procasha.org\/?cat=1\" rel=\"category\">Uncategorized<\/a>","rttpg_excerpt":"El pasado 19 de noviembre de 2023, se llev\u00f3 a cabo con \u00e9xito la 5ta edici\u00f3n de la Feria de la Familia, organizada por las Juntas Vecinales Plan 700 San Miguel, Plan 700 Alto, San Miguel Serran\u00eda y la OTB Chaska Rumy, con el apoyo de Procasha. En esta feria, participaron diversas entidades y unidades&hellip;","_links":{"self":[{"href":"https:\/\/procasha.org\/index.php?rest_route=\/wp\/v2\/posts\/3449","targetHints":{"allow":["GET"]}}],"collection":[{"href":"https:\/\/procasha.org\/index.php?rest_route=\/wp\/v2\/posts"}],"about":[{"href":"https:\/\/procasha.org\/index.php?rest_route=\/wp\/v2\/types\/post"}],"author":[{"embeddable":true,"href":"https:\/\/procasha.org\/index.php?rest_route=\/wp\/v2\/users\/1"}],"replies":[{"embeddable":true,"href":"https:\/\/procasha.org\/index.php?rest_route=%2Fwp%2Fv2%2Fcomments&post=3449"}],"version-history":[{"count":2,"href":"https:\/\/procasha.org\/index.php?rest_route=\/wp\/v2\/posts\/3449\/revisions"}],"predecessor-version":[{"id":3452,"href":"https:\/\/procasha.org\/index.php?rest_route=\/wp\/v2\/posts\/3449\/revisions\/3452"}],"wp:featuredmedia":[{"embeddable":true,"href":"https:\/\/procasha.org\/index.php?rest_route=\/wp\/v2\/media\/3451"}],"wp:attachment":[{"href":"https:\/\/procasha.org\/index.php?rest_route=%2Fwp%2Fv2%2Fmedia&parent=3449"}],"wp:term":[{"taxonomy":"category","embeddable":true,"href":"https:\/\/procasha.org\/index.php?rest_route=%2Fwp%2Fv2%2Fcategories&post=3449"},{"taxonomy":"post_tag","embeddable":true,"href":"https:\/\/procasha.org\/index.php?rest_route=%2Fwp%2Fv2%2Ftags&post=3449"}],"curies":[{"name":"wp","href":"https:\/\/api.w.org\/{rel}","templated":true}]}}