{"id":3457,"date":"2023-12-12T22:27:11","date_gmt":"2023-12-12T22:27:11","guid":{"rendered":"https:\/\/procasha.org\/?p=3457"},"modified":"2023-12-19T22:30:02","modified_gmt":"2023-12-19T22:30:02","slug":"visita-de-clara-luisa-weichelt-responsable-area-urbana-departamento-de-america-latina-y-el-caribe-misereor","status":"publish","type":"post","link":"https:\/\/procasha.org\/?p=3457","title":{"rendered":"Visita de Clara-Luisa Weichelt (Responsable \u00c1rea Urbana Departamento de Am\u00e9rica Latina y el Caribe &#8211; MISEREOR)"},"content":{"rendered":"\n<p>El pasado lunes 13 de noviembre, PROCASHA tuvo la oportunidad de contar con la visita de Clara-Luisa Weichelt (Responsable \u00c1rea Urbana Departamento de Am\u00e9rica Latina y el Caribe &#8211; MISEREOR), con quien realizamos un encuentro para compartir resultados y desaf\u00edos del proyecto en actual ejecuci\u00f3n \u00a8Fomento al desarrollo Comunitario en el Marco del Derecho a la Ciudad\u201d III Fase. (Mejoramiento Integral de Barrios)<\/p>\n\n\n\n<p>La actividad se desarroll\u00f3 con dirigentes y vecinos de las Juntas <a><\/a>Vecinales Plan 700 Alto, Plan 700 San Miguel, San Miguel Serran\u00eda y la OTB Chaska Rumi, dando a conocer la realidad de sus barrios y el trabajo conjunto con la Fundaci\u00f3n.<\/p>\n\n\n\n<div class=\"wp-block-buttons is-layout-flex wp-block-buttons-is-layout-flex\"><\/div>\n\n\n\n<p><\/p>\n","protected":false},"excerpt":{"rendered":"<p>El pasado lunes 13 de noviembre, PROCASHA tuvo la oportunidad de contar con la visita de Clara-Luisa Weichelt (Responsable \u00c1rea Urbana Departamento de Am\u00e9rica Latina y el Caribe &#8211; MISEREOR), con quien realizamos un encuentro para compartir resultados y desaf\u00edos del proyecto en actual ejecuci\u00f3n \u00a8Fomento al desarrollo Comunitario en el Marco del Derecho a [&hellip;]<\/p>\n","protected":false},"author":1,"featured_media":3459,"comment_status":"closed","ping_status":"open","sticky":false,"template":"","format":"standard","meta":{"site-sidebar-layout":"default","site-content-layout":"","ast-site-content-layout":"default","site-content-style":"default","site-sidebar-style":"default","ast-global-header-display":"","ast-banner-title-visibility":"","ast-main-header-display":"","ast-hfb-above-header-display":"","ast-hfb-below-header-display":"","ast-hfb-mobile-header-display":"","site-post-title":"","ast-breadcrumbs-content":"","ast-featured-img":"","footer-sml-layout":"","ast-disable-related-posts":"","theme-transparent-header-meta":"","adv-header-id-meta":"","stick-header-meta":"","header-above-stick-meta":"","header-main-stick-meta":"","header-below-stick-meta":"","astra-migrate-meta-layouts":"set","ast-page-background-enabled":"default","ast-page-background-meta":{"desktop":{"background-color":"","background-image":"","background-repeat":"repeat","background-position":"center center","background-size":"auto","background-attachment":"scroll","background-type":"","background-media":"","overlay-type":"","overlay-color":"","overlay-opacity":"","overlay-gradient":""},"tablet":{"background-color":"","background-image":"","background-repeat":"repeat","background-position":"center center","background-size":"auto","background-attachment":"scroll","background-type":"","background-media":"","overlay-type":"","overlay-color":"","overlay-opacity":"","overlay-gradient":""},"mobile":{"background-color":"","background-image":"","background-repeat":"repeat","background-position":"center center","background-size":"auto","background-attachment":"scroll","background-type":"","background-media":"","overlay-type":"","overlay-color":"","overlay-opacity":"","overlay-gradient":""}},"ast-content-background-meta":{"desktop":{"background-color":"var(--ast-global-color-5)","background-image":"","background-repeat":"repeat","background-position":"center center","background-size":"auto","background-attachment":"scroll","background-type":"","background-media":"","overlay-type":"","overlay-color":"","overlay-opacity":"","overlay-gradient":""},"tablet":{"background-color":"var(--ast-global-color-5)","background-image":"","background-repeat":"repeat","background-position":"center center","background-size":"auto","background-attachment":"scroll","background-type":"","background-media":"","overlay-type":"","overlay-color":"","overlay-opacity":"","overlay-gradient":""},"mobile":{"background-color":"var(--ast-global-color-5)","background-image":"","background-repeat":"repeat","background-position":"center center","background-size":"auto","background-attachment":"scroll","background-type":"","background-media":"","overlay-type":"","overlay-color":"","overlay-opacity":"","overlay-gradient":""}},"footnotes":""},"categories":[1],"tags":[],"class_list":["post-3457","post","type-post","status-publish","format-standard","has-post-thumbnail","hentry","category-uncategorized"],"rttpg_featured_image_url":{"full":["https:\/\/procasha.org\/wp-content\/uploads\/2023\/12\/visita-clara.jpg",940,705,false],"landscape":["https:\/\/procasha.org\/wp-content\/uploads\/2023\/12\/visita-clara.jpg",940,705,false],"portraits":["https:\/\/procasha.org\/wp-content\/uploads\/2023\/12\/visita-clara.jpg",940,705,false],"thumbnail":["https:\/\/procasha.org\/wp-content\/uploads\/2023\/12\/visita-clara-150x150.jpg",150,150,true],"medium":["https:\/\/procasha.org\/wp-content\/uploads\/2023\/12\/visita-clara-300x225.jpg",300,225,true],"large":["https:\/\/procasha.org\/wp-content\/uploads\/2023\/12\/visita-clara.jpg",940,705,false],"1536x1536":["https:\/\/procasha.org\/wp-content\/uploads\/2023\/12\/visita-clara.jpg",940,705,false],"2048x2048":["https:\/\/procasha.org\/wp-content\/uploads\/2023\/12\/visita-clara.jpg",940,705,false]},"rttpg_author":{"display_name":"procashamaster","author_link":"https:\/\/procasha.org\/?author=1"},"rttpg_comment":0,"rttpg_category":"<a href=\"https:\/\/procasha.org\/?cat=1\" rel=\"category\">Uncategorized<\/a>","rttpg_excerpt":"El pasado lunes 13 de noviembre, PROCASHA tuvo la oportunidad de contar con la visita de Clara-Luisa Weichelt (Responsable \u00c1rea Urbana Departamento de Am\u00e9rica Latina y el Caribe &#8211; MISEREOR), con quien realizamos un encuentro para compartir resultados y desaf\u00edos del proyecto en actual ejecuci\u00f3n \u00a8Fomento al desarrollo Comunitario en el Marco del Derecho a&hellip;","_links":{"self":[{"href":"https:\/\/procasha.org\/index.php?rest_route=\/wp\/v2\/posts\/3457","targetHints":{"allow":["GET"]}}],"collection":[{"href":"https:\/\/procasha.org\/index.php?rest_route=\/wp\/v2\/posts"}],"about":[{"href":"https:\/\/procasha.org\/index.php?rest_route=\/wp\/v2\/types\/post"}],"author":[{"embeddable":true,"href":"https:\/\/procasha.org\/index.php?rest_route=\/wp\/v2\/users\/1"}],"replies":[{"embeddable":true,"href":"https:\/\/procasha.org\/index.php?rest_route=%2Fwp%2Fv2%2Fcomments&post=3457"}],"version-history":[{"count":2,"href":"https:\/\/procasha.org\/index.php?rest_route=\/wp\/v2\/posts\/3457\/revisions"}],"predecessor-version":[{"id":3460,"href":"https:\/\/procasha.org\/index.php?rest_route=\/wp\/v2\/posts\/3457\/revisions\/3460"}],"wp:featuredmedia":[{"embeddable":true,"href":"https:\/\/procasha.org\/index.php?rest_route=\/wp\/v2\/media\/3459"}],"wp:attachment":[{"href":"https:\/\/procasha.org\/index.php?rest_route=%2Fwp%2Fv2%2Fmedia&parent=3457"}],"wp:term":[{"taxonomy":"category","embeddable":true,"href":"https:\/\/procasha.org\/index.php?rest_route=%2Fwp%2Fv2%2Fcategories&post=3457"},{"taxonomy":"post_tag","embeddable":true,"href":"https:\/\/procasha.org\/index.php?rest_route=%2Fwp%2Fv2%2Ftags&post=3457"}],"curies":[{"name":"wp","href":"https:\/\/api.w.org\/{rel}","templated":true}]}}